{"id":20098,"date":"2021-09-13T09:09:22","date_gmt":"2021-09-13T07:09:22","guid":{"rendered":"https:\/\/arteascuola.com\/it\/?p=20098"},"modified":"2023-08-31T21:14:14","modified_gmt":"2023-08-31T19:14:14","slug":"piccoli-paesaggi-in-gradazioni-tonali-con-video-tutorial","status":"publish","type":"post","link":"https:\/\/arteascuola.com\/it\/2021\/09\/piccoli-paesaggi-in-gradazioni-tonali-con-video-tutorial\/","title":{"rendered":"Piccoli paesaggi in gradazioni tonali con video tutorial"},"content":{"rendered":"\n<p>Questi piccoli paesaggi  sono stati dipinti dagli studenti della classe prima per sperimentare le GRADAZIONI TONALI con l&#8217;acquerello. Qui sotto trovate il video tutorial che vi guider\u00e0 passo passo nella realizzazione di questi acquerelli.<\/p>\n\n\n\n<figure class=\"wp-block-embed is-type-video is-provider-youtube wp-block-embed-youtube wp-embed-aspect-16-9 wp-has-aspect-ratio\"><div class=\"wp-block-embed__wrapper\">\n<span class=\"embed-youtube\" style=\"text-align:center; display: block;\"><iframe loading=\"lazy\" class=\"youtube-player\" width=\"1200\" height=\"675\" src=\"https:\/\/www.youtube.com\/embed\/nFBZk33l0JQ?version=3&#038;rel=1&#038;showsearch=0&#038;showinfo=1&#038;iv_load_policy=1&#038;fs=1&#038;hl=it-IT&#038;autohide=2&#038;wmode=transparent\" allowfullscreen=\"true\" style=\"border:0;\" sandbox=\"allow-scripts allow-same-origin allow-popups allow-presentation allow-popups-to-escape-sandbox\"><\/iframe><\/span>\n<\/div><\/figure>\n\n\n\n<p>Si prende  un foglio da disegno e si divide a met\u00e0 tagliandolo in due sulla piega centrale. Poi si disegna una squadratura di due centimetri su ognuno dei fogli. <\/p>\n\n\n\n<div class=\"wp-block-image\"><figure class=\"aligncenter size-large is-resized\"><a href=\"https:\/\/arteascuola.com\/wp-content\/uploads\/2021\/09\/Schermata-2021-09-09-alle-18.30.25.png\"><img loading=\"lazy\" decoding=\"async\" src=\"https:\/\/arteascuola.com\/wp-content\/uploads\/2021\/09\/Schermata-2021-09-09-alle-18.30.25-1024x574.png\" alt=\"\" class=\"wp-image-12724\" width=\"512\" height=\"287\"\/><\/a><\/figure><\/div>\n\n\n\n<div class=\"wp-block-image\"><figure class=\"aligncenter size-large is-resized\"><a href=\"https:\/\/arteascuola.com\/wp-content\/uploads\/2021\/09\/Schermata-2021-09-09-alle-18.29.55.png\"><img loading=\"lazy\" decoding=\"async\" src=\"https:\/\/arteascuola.com\/wp-content\/uploads\/2021\/09\/Schermata-2021-09-09-alle-18.29.55-1024x576.png\" alt=\"\" class=\"wp-image-12725\" width=\"512\" height=\"288\"\/><\/a><\/figure><\/div>\n\n\n\n<p>Disegniamo due piccoli paesaggi: io ho proposto un primo paesaggio desertico con cactus in primo piano e montagne rocciose sullo sfondo, da colorare con tonalit\u00e0 calde, e un secondo paesaggio montano con abeti e montagne, da colorare con tonalit\u00e0 fredde. I paesaggi possono essere diversi, anche con laghi, colline, silhouette di vegetazione o skyline di citt\u00e0, ma suggerisco di disegnare almeno OTTO LIVELLI di profondit\u00e0. <\/p>\n\n\n\n<div class=\"wp-block-image\"><figure class=\"aligncenter size-large is-resized\"><a href=\"https:\/\/arteascuola.com\/wp-content\/uploads\/2021\/09\/Schermata-2021-09-09-alle-18.41.10.png\"><img loading=\"lazy\" decoding=\"async\" data-attachment-id=\"12726\" data-permalink=\"https:\/\/arteascuola.com\/it\/2016\/01\/vasi-dalle-strane-forme\/vasi-strani1\/#main\" data-orig-file=\"https:\/\/arteascuola.com\/it\/wp-content\/uploads\/2016\/01\/vasi-strani1.jpg\" data-orig-size=\"1200,571\" data-comments-opened=\"1\" data-image-meta=\"{&quot;aperture&quot;:&quot;0&quot;,&quot;credit&quot;:&quot;&quot;,&quot;camera&quot;:&quot;&quot;,&quot;caption&quot;:&quot;&quot;,&quot;created_timestamp&quot;:&quot;0&quot;,&quot;copyright&quot;:&quot;&quot;,&quot;focal_length&quot;:&quot;0&quot;,&quot;iso&quot;:&quot;0&quot;,&quot;shutter_speed&quot;:&quot;0&quot;,&quot;title&quot;:&quot;&quot;,&quot;orientation&quot;:&quot;0&quot;}\" data-image-title=\"vasi strani1\" data-image-description=\"\" data-image-caption=\"\" data-large-file=\"https:\/\/arteascuola.com\/it\/wp-content\/uploads\/2016\/01\/vasi-strani1-1024x488.jpg\" src=\"https:\/\/arteascuola.com\/wp-content\/uploads\/2021\/09\/Schermata-2021-09-09-alle-18.41.10-1024x578.png\" alt=\"\" class=\"wp-image-12726\" width=\"512\" height=\"289\"\/><\/a><\/figure><\/div>\n\n\n\n<div class=\"wp-block-image\"><figure class=\"aligncenter size-large is-resized\"><a href=\"https:\/\/arteascuola.com\/wp-content\/uploads\/2021\/09\/Schermata-2021-09-09-alle-18.30.55.png\"><img loading=\"lazy\" decoding=\"async\" data-attachment-id=\"12727\" data-permalink=\"https:\/\/arteascuola.com\/it\/2016\/01\/vasi-dalle-strane-forme\/15-vasistrani\/#main\" data-orig-file=\"https:\/\/arteascuola.com\/it\/wp-content\/uploads\/2016\/01\/15-vasistrani.jpg\" data-orig-size=\"1141,944\" data-comments-opened=\"1\" data-image-meta=\"{&quot;aperture&quot;:&quot;0&quot;,&quot;credit&quot;:&quot;&quot;,&quot;camera&quot;:&quot;&quot;,&quot;caption&quot;:&quot;&quot;,&quot;created_timestamp&quot;:&quot;0&quot;,&quot;copyright&quot;:&quot;&quot;,&quot;focal_length&quot;:&quot;0&quot;,&quot;iso&quot;:&quot;0&quot;,&quot;shutter_speed&quot;:&quot;0&quot;,&quot;title&quot;:&quot;&quot;,&quot;orientation&quot;:&quot;0&quot;}\" data-image-title=\"15 vasistrani\" data-image-description=\"\" data-image-caption=\"\" data-large-file=\"https:\/\/arteascuola.com\/it\/wp-content\/uploads\/2016\/01\/15-vasistrani-1024x847.jpg\" src=\"https:\/\/arteascuola.com\/wp-content\/uploads\/2021\/09\/Schermata-2021-09-09-alle-18.30.55-1024x575.png\" alt=\"\" class=\"wp-image-12727\" width=\"512\" height=\"288\"\/><\/a><\/figure><\/div>\n\n\n\n<div class=\"wp-block-image\"><figure class=\"aligncenter size-large is-resized\"><a href=\"https:\/\/arteascuola.com\/wp-content\/uploads\/2021\/09\/Schermata-2021-09-09-alle-18.31.30-1.png\"><img loading=\"lazy\" decoding=\"async\" data-attachment-id=\"12729\" data-permalink=\"https:\/\/arteascuola.com\/it\/2016\/01\/vasi-dalle-strane-forme\/_dsc1795\/#main\" data-orig-file=\"https:\/\/arteascuola.com\/it\/wp-content\/uploads\/2016\/01\/DSC1795.jpg\" data-orig-size=\"1200,795\" data-comments-opened=\"1\" data-image-meta=\"{&quot;aperture&quot;:&quot;4&quot;,&quot;credit&quot;:&quot;&quot;,&quot;camera&quot;:&quot;NIKON D7000&quot;,&quot;caption&quot;:&quot;&quot;,&quot;created_timestamp&quot;:&quot;1446460592&quot;,&quot;copyright&quot;:&quot;&quot;,&quot;focal_length&quot;:&quot;26&quot;,&quot;iso&quot;:&quot;400&quot;,&quot;shutter_speed&quot;:&quot;0.0125&quot;,&quot;title&quot;:&quot;&quot;,&quot;orientation&quot;:&quot;1&quot;}\" data-image-title=\"_DSC1795\" data-image-description=\"\" data-image-caption=\"\" data-large-file=\"https:\/\/arteascuola.com\/it\/wp-content\/uploads\/2016\/01\/DSC1795-1024x678.jpg\" src=\"https:\/\/arteascuola.com\/wp-content\/uploads\/2021\/09\/Schermata-2021-09-09-alle-18.31.30-1-1024x576.png\" alt=\"\" class=\"wp-image-12729\" width=\"512\" height=\"288\"\/><\/a><\/figure><\/div>\n\n\n\n<p>Successivamente si sceglie un colore e si comincia a dipingere lo sfondo con una tonalit\u00e0 chiarissima, che si ottiene aggiungendo molta acqua al colore scelto. Si procede aggiungendo sempre pi\u00f9 colore, aumentando la saturazione del colore mano a mano che si dipingono gli strati verso il primo piano.<\/p>\n\n\n\n<p>Una volta raggiunta la saturazione massima del colore puro si aggiunge una piccolissima parte di nero per ottenere le tonalit\u00e0 pi\u00f9 scure, e alla fine per dipingere il primo piano si potr\u00e0 usare il nero puro. <meta charset=\"utf-8\">Per questo lavoro abbiamo usato un <a rel=\"noreferrer noopener\" href=\"https:\/\/amzn.to\/3ppl4n9\" target=\"_blank\"><strong>pennello WATERBRUSH con serbatoio<\/strong><\/a> <em>(link pubblicitario)<\/em> di acqua ed acquerelli <\/p>\n\n\n\n<div class=\"wp-block-image\"><figure class=\"aligncenter size-large is-resized\"><a href=\"https:\/\/arteascuola.com\/wp-content\/uploads\/2021\/09\/IMG_7995-scaled.jpg\"><img loading=\"lazy\" decoding=\"async\" data-attachment-id=\"12730\" data-permalink=\"https:\/\/arteascuola.com\/it\/2016\/01\/vasi-dalle-strane-forme\/_dsc1999\/#main\" data-orig-file=\"https:\/\/arteascuola.com\/it\/wp-content\/uploads\/2016\/01\/DSC1999.jpg\" data-orig-size=\"1200,795\" data-comments-opened=\"1\" data-image-meta=\"{&quot;aperture&quot;:&quot;7.1&quot;,&quot;credit&quot;:&quot;&quot;,&quot;camera&quot;:&quot;NIKON D7000&quot;,&quot;caption&quot;:&quot;&quot;,&quot;created_timestamp&quot;:&quot;1447678627&quot;,&quot;copyright&quot;:&quot;&quot;,&quot;focal_length&quot;:&quot;28&quot;,&quot;iso&quot;:&quot;1600&quot;,&quot;shutter_speed&quot;:&quot;0.005&quot;,&quot;title&quot;:&quot;&quot;,&quot;orientation&quot;:&quot;1&quot;}\" data-image-title=\"_DSC1999\" data-image-description=\"\" data-image-caption=\"\" data-large-file=\"https:\/\/arteascuola.com\/it\/wp-content\/uploads\/2016\/01\/DSC1999-1024x678.jpg\" src=\"https:\/\/arteascuola.com\/wp-content\/uploads\/2021\/09\/IMG_7995-1024x768.jpg\" alt=\"\" class=\"wp-image-12730\" width=\"512\" height=\"384\"\/><\/a><\/figure><\/div>\n\n\n\n<div class=\"wp-block-image\"><figure class=\"aligncenter size-large is-resized\"><a href=\"https:\/\/arteascuola.com\/wp-content\/uploads\/2021\/09\/IMG_7989-scaled.jpg\"><img loading=\"lazy\" decoding=\"async\" data-attachment-id=\"12731\" data-permalink=\"https:\/\/arteascuola.com\/it\/2016\/01\/vasi-dalle-strane-forme\/_dsc1992-1\/#main\" data-orig-file=\"https:\/\/arteascuola.com\/it\/wp-content\/uploads\/2016\/01\/DSC1992-1.jpg\" data-orig-size=\"1200,795\" data-comments-opened=\"1\" data-image-meta=\"{&quot;aperture&quot;:&quot;4&quot;,&quot;credit&quot;:&quot;&quot;,&quot;camera&quot;:&quot;NIKON D7000&quot;,&quot;caption&quot;:&quot;&quot;,&quot;created_timestamp&quot;:&quot;1447670048&quot;,&quot;copyright&quot;:&quot;&quot;,&quot;focal_length&quot;:&quot;31&quot;,&quot;iso&quot;:&quot;1600&quot;,&quot;shutter_speed&quot;:&quot;0.0166666666667&quot;,&quot;title&quot;:&quot;&quot;,&quot;orientation&quot;:&quot;1&quot;}\" data-image-title=\"_DSC1992 (1)\" data-image-description=\"\" data-image-caption=\"\" data-large-file=\"https:\/\/arteascuola.com\/it\/wp-content\/uploads\/2016\/01\/DSC1992-1-1024x678.jpg\" src=\"https:\/\/arteascuola.com\/wp-content\/uploads\/2021\/09\/IMG_7989-1024x741.jpg\" alt=\"\" class=\"wp-image-12731\" width=\"512\" height=\"371\"\/><\/a><\/figure><\/div>\n\n\n\n<div class=\"wp-block-image\"><figure class=\"aligncenter size-large is-resized\"><a href=\"https:\/\/arteascuola.com\/wp-content\/uploads\/2021\/09\/IMG_8041-scaled.jpg\"><img loading=\"lazy\" decoding=\"async\" data-attachment-id=\"12732\" data-permalink=\"https:\/\/arteascuola.com\/it\/2016\/01\/vasi-dalle-strane-forme\/_dsc1995-1\/#main\" data-orig-file=\"https:\/\/arteascuola.com\/it\/wp-content\/uploads\/2016\/01\/DSC1995-1.jpg\" data-orig-size=\"1200,795\" data-comments-opened=\"1\" data-image-meta=\"{&quot;aperture&quot;:&quot;5.6&quot;,&quot;credit&quot;:&quot;&quot;,&quot;camera&quot;:&quot;NIKON D7000&quot;,&quot;caption&quot;:&quot;&quot;,&quot;created_timestamp&quot;:&quot;1447670106&quot;,&quot;copyright&quot;:&quot;&quot;,&quot;focal_length&quot;:&quot;32&quot;,&quot;iso&quot;:&quot;1600&quot;,&quot;shutter_speed&quot;:&quot;0.008&quot;,&quot;title&quot;:&quot;&quot;,&quot;orientation&quot;:&quot;1&quot;}\" data-image-title=\"_DSC1995 (1)\" data-image-description=\"\" data-image-caption=\"\" data-large-file=\"https:\/\/arteascuola.com\/it\/wp-content\/uploads\/2016\/01\/DSC1995-1-1024x678.jpg\" src=\"https:\/\/arteascuola.com\/wp-content\/uploads\/2021\/09\/IMG_8041-1024x768.jpg\" alt=\"\" class=\"wp-image-12732\" width=\"512\" height=\"384\"\/><\/a><\/figure><\/div>\n\n\n\n<div class=\"wp-block-image\"><figure class=\"aligncenter size-large is-resized\"><a href=\"https:\/\/arteascuola.com\/wp-content\/uploads\/2021\/09\/IMG_8043-scaled.jpg\"><img loading=\"lazy\" decoding=\"async\" data-attachment-id=\"12733\" data-permalink=\"https:\/\/arteascuola.com\/it\/2016\/01\/vasi-dalle-strane-forme\/_dsc1996-1\/#main\" data-orig-file=\"https:\/\/arteascuola.com\/it\/wp-content\/uploads\/2016\/01\/DSC1996-1.jpg\" data-orig-size=\"1200,795\" data-comments-opened=\"1\" data-image-meta=\"{&quot;aperture&quot;:&quot;5.6&quot;,&quot;credit&quot;:&quot;&quot;,&quot;camera&quot;:&quot;NIKON D7000&quot;,&quot;caption&quot;:&quot;&quot;,&quot;created_timestamp&quot;:&quot;1447670119&quot;,&quot;copyright&quot;:&quot;&quot;,&quot;focal_length&quot;:&quot;32&quot;,&quot;iso&quot;:&quot;1600&quot;,&quot;shutter_speed&quot;:&quot;0.008&quot;,&quot;title&quot;:&quot;&quot;,&quot;orientation&quot;:&quot;1&quot;}\" data-image-title=\"_DSC1996 (1)\" data-image-description=\"\" data-image-caption=\"\" data-large-file=\"https:\/\/arteascuola.com\/it\/wp-content\/uploads\/2016\/01\/DSC1996-1-1024x678.jpg\" src=\"https:\/\/arteascuola.com\/wp-content\/uploads\/2021\/09\/IMG_8043-1024x768.jpg\" alt=\"\" class=\"wp-image-12733\" width=\"512\" height=\"384\"\/><\/a><\/figure><\/div>\n\n\n\n<p>Ecco i paesaggi realizzati dagli studenti<\/p>\n\n\n\n<div class=\"wp-block-image\"><figure class=\"aligncenter size-full is-resized\"><a href=\"https:\/\/arteascuola.com\/wp-content\/uploads\/2021\/09\/paesaggi-grad-acq1.png\"><img loading=\"lazy\" decoding=\"async\" data-attachment-id=\"12735\" data-permalink=\"https:\/\/arteascuola.com\/it\/2016\/01\/vasi-dalle-strane-forme\/_dsc2232\/#main\" data-orig-file=\"https:\/\/arteascuola.com\/it\/wp-content\/uploads\/2016\/01\/DSC2232.jpg\" data-orig-size=\"1200,795\" data-comments-opened=\"1\" data-image-meta=\"{&quot;aperture&quot;:&quot;7.1&quot;,&quot;credit&quot;:&quot;&quot;,&quot;camera&quot;:&quot;NIKON D7000&quot;,&quot;caption&quot;:&quot;&quot;,&quot;created_timestamp&quot;:&quot;1448283612&quot;,&quot;copyright&quot;:&quot;&quot;,&quot;focal_length&quot;:&quot;48&quot;,&quot;iso&quot;:&quot;500&quot;,&quot;shutter_speed&quot;:&quot;0.0125&quot;,&quot;title&quot;:&quot;&quot;,&quot;orientation&quot;:&quot;1&quot;}\" data-image-title=\"_DSC2232\" data-image-description=\"\" data-image-caption=\"\" data-large-file=\"https:\/\/arteascuola.com\/it\/wp-content\/uploads\/2016\/01\/DSC2232-1024x678.jpg\" src=\"https:\/\/arteascuola.com\/wp-content\/uploads\/2021\/09\/paesaggi-grad-acq1.png\" alt=\"\" class=\"wp-image-12735\" width=\"472\" height=\"374\"\/><\/a><\/figure><\/div>\n\n\n\n<div class=\"wp-block-image\"><figure class=\"aligncenter size-full is-resized\"><a href=\"https:\/\/arteascuola.com\/wp-content\/uploads\/2021\/09\/paesaggi-grad-acq9.png\"><img loading=\"lazy\" decoding=\"async\" data-attachment-id=\"12737\" data-permalink=\"https:\/\/arteascuola.com\/it\/2016\/01\/vasi-dalle-strane-forme\/_dsc2229\/#main\" data-orig-file=\"https:\/\/arteascuola.com\/it\/wp-content\/uploads\/2016\/01\/DSC2229.jpg\" data-orig-size=\"1200,795\" data-comments-opened=\"1\" data-image-meta=\"{&quot;aperture&quot;:&quot;5&quot;,&quot;credit&quot;:&quot;&quot;,&quot;camera&quot;:&quot;NIKON D7000&quot;,&quot;caption&quot;:&quot;&quot;,&quot;created_timestamp&quot;:&quot;1448274658&quot;,&quot;copyright&quot;:&quot;&quot;,&quot;focal_length&quot;:&quot;38&quot;,&quot;iso&quot;:&quot;500&quot;,&quot;shutter_speed&quot;:&quot;0.0125&quot;,&quot;title&quot;:&quot;&quot;,&quot;orientation&quot;:&quot;1&quot;}\" data-image-title=\"_DSC2229\" data-image-description=\"\" data-image-caption=\"\" data-large-file=\"https:\/\/arteascuola.com\/it\/wp-content\/uploads\/2016\/01\/DSC2229-1024x678.jpg\" src=\"https:\/\/arteascuola.com\/wp-content\/uploads\/2021\/09\/paesaggi-grad-acq9.png\" alt=\"\" class=\"wp-image-12737\" width=\"472\" height=\"374\"\/><\/a><\/figure><\/div>\n\n\n\n<div class=\"wp-block-image\"><figure class=\"aligncenter size-full is-resized\"><a href=\"https:\/\/arteascuola.com\/wp-content\/uploads\/2021\/09\/paesaggi-grad-acq3.png\"><img loading=\"lazy\" decoding=\"async\" data-attachment-id=\"12747\" data-permalink=\"https:\/\/arteascuola.com\/it\/2016\/01\/vasi-dalle-strane-forme\/vasistrani9\/#main\" data-orig-file=\"https:\/\/arteascuola.com\/it\/wp-content\/uploads\/2016\/01\/vasistrani9.jpg\" data-orig-size=\"1200,571\" data-comments-opened=\"1\" data-image-meta=\"{&quot;aperture&quot;:&quot;0&quot;,&quot;credit&quot;:&quot;&quot;,&quot;camera&quot;:&quot;&quot;,&quot;caption&quot;:&quot;&quot;,&quot;created_timestamp&quot;:&quot;0&quot;,&quot;copyright&quot;:&quot;&quot;,&quot;focal_length&quot;:&quot;0&quot;,&quot;iso&quot;:&quot;0&quot;,&quot;shutter_speed&quot;:&quot;0&quot;,&quot;title&quot;:&quot;&quot;,&quot;orientation&quot;:&quot;0&quot;}\" data-image-title=\"vasistrani9\" data-image-description=\"\" data-image-caption=\"\" data-large-file=\"https:\/\/arteascuola.com\/it\/wp-content\/uploads\/2016\/01\/vasistrani9-1024x488.jpg\" src=\"https:\/\/arteascuola.com\/wp-content\/uploads\/2021\/09\/paesaggi-grad-acq3.png\" alt=\"\" class=\"wp-image-12747\" width=\"472\" height=\"374\"\/><\/a><\/figure><\/div>\n\n\n\n<div class=\"wp-block-image\"><figure class=\"aligncenter size-full is-resized\"><a href=\"https:\/\/arteascuola.com\/wp-content\/uploads\/2021\/09\/paesaggi-grad-acq5.png\"><img loading=\"lazy\" decoding=\"async\" data-attachment-id=\"12738\" data-permalink=\"https:\/\/arteascuola.com\/it\/2016\/01\/vasi-dalle-strane-forme\/_dsc2498\/#main\" data-orig-file=\"https:\/\/arteascuola.com\/it\/wp-content\/uploads\/2016\/01\/DSC2498.jpg\" data-orig-size=\"875,1200\" data-comments-opened=\"1\" data-image-meta=\"{&quot;aperture&quot;:&quot;4.5&quot;,&quot;credit&quot;:&quot;&quot;,&quot;camera&quot;:&quot;NIKON D7000&quot;,&quot;caption&quot;:&quot;&quot;,&quot;created_timestamp&quot;:&quot;1448709465&quot;,&quot;copyright&quot;:&quot;&quot;,&quot;focal_length&quot;:&quot;24&quot;,&quot;iso&quot;:&quot;125&quot;,&quot;shutter_speed&quot;:&quot;0.0125&quot;,&quot;title&quot;:&quot;&quot;,&quot;orientation&quot;:&quot;1&quot;}\" data-image-title=\"_DSC2498\" data-image-description=\"\" data-image-caption=\"\" data-large-file=\"https:\/\/arteascuola.com\/it\/wp-content\/uploads\/2016\/01\/DSC2498-747x1024.jpg\" src=\"https:\/\/arteascuola.com\/wp-content\/uploads\/2021\/09\/paesaggi-grad-acq5.png\" alt=\"\" class=\"wp-image-12738\" width=\"472\" height=\"374\"\/><\/a><\/figure><\/div>\n\n\n\n<div class=\"wp-block-image\"><figure class=\"aligncenter size-full is-resized\"><a href=\"https:\/\/arteascuola.com\/wp-content\/uploads\/2021\/09\/paesaggi-grad-acq2.png\"><img loading=\"lazy\" decoding=\"async\" data-attachment-id=\"12736\" data-permalink=\"https:\/\/arteascuola.com\/it\/2016\/01\/vasi-dalle-strane-forme\/_dsc2227\/#main\" data-orig-file=\"https:\/\/arteascuola.com\/it\/wp-content\/uploads\/2016\/01\/DSC2227.jpg\" data-orig-size=\"1200,795\" data-comments-opened=\"1\" data-image-meta=\"{&quot;aperture&quot;:&quot;5.6&quot;,&quot;credit&quot;:&quot;&quot;,&quot;camera&quot;:&quot;NIKON D7000&quot;,&quot;caption&quot;:&quot;&quot;,&quot;created_timestamp&quot;:&quot;1448273885&quot;,&quot;copyright&quot;:&quot;&quot;,&quot;focal_length&quot;:&quot;18&quot;,&quot;iso&quot;:&quot;500&quot;,&quot;shutter_speed&quot;:&quot;0.0125&quot;,&quot;title&quot;:&quot;&quot;,&quot;orientation&quot;:&quot;1&quot;}\" data-image-title=\"_DSC2227\" data-image-description=\"\" data-image-caption=\"\" data-large-file=\"https:\/\/arteascuola.com\/it\/wp-content\/uploads\/2016\/01\/DSC2227-1024x678.jpg\" src=\"https:\/\/arteascuola.com\/wp-content\/uploads\/2021\/09\/paesaggi-grad-acq2.png\" alt=\"\" class=\"wp-image-12736\" width=\"472\" height=\"374\"\/><\/a><\/figure><\/div>\n\n\n\n<div class=\"wp-block-image\"><figure class=\"aligncenter size-full is-resized\"><a href=\"https:\/\/arteascuola.com\/wp-content\/uploads\/2021\/09\/paesaggi-grad-acq8.png\"><img loading=\"lazy\" decoding=\"async\" data-attachment-id=\"12739\" data-permalink=\"https:\/\/arteascuola.com\/it\/2016\/01\/vasi-dalle-strane-forme\/_dsc2499\/#main\" data-orig-file=\"https:\/\/arteascuola.com\/it\/wp-content\/uploads\/2016\/01\/DSC2499.jpg\" data-orig-size=\"864,1200\" data-comments-opened=\"1\" data-image-meta=\"{&quot;aperture&quot;:&quot;4.5&quot;,&quot;credit&quot;:&quot;&quot;,&quot;camera&quot;:&quot;NIKON D7000&quot;,&quot;caption&quot;:&quot;&quot;,&quot;created_timestamp&quot;:&quot;1448709472&quot;,&quot;copyright&quot;:&quot;&quot;,&quot;focal_length&quot;:&quot;24&quot;,&quot;iso&quot;:&quot;125&quot;,&quot;shutter_speed&quot;:&quot;0.0125&quot;,&quot;title&quot;:&quot;&quot;,&quot;orientation&quot;:&quot;1&quot;}\" data-image-title=\"_DSC2499\" data-image-description=\"\" data-image-caption=\"\" data-large-file=\"https:\/\/arteascuola.com\/it\/wp-content\/uploads\/2016\/01\/DSC2499-737x1024.jpg\" src=\"https:\/\/arteascuola.com\/wp-content\/uploads\/2021\/09\/paesaggi-grad-acq8.png\" alt=\"\" class=\"wp-image-12739\" width=\"472\" height=\"374\"\/><\/a><\/figure><\/div>\n\n\n\n<div class=\"wp-block-image\"><figure class=\"aligncenter size-full is-resized\"><a href=\"https:\/\/arteascuola.com\/wp-content\/uploads\/2021\/09\/paesaggi-grad-acq7.png\"><img loading=\"lazy\" decoding=\"async\" data-attachment-id=\"12741\" data-permalink=\"https:\/\/arteascuola.com\/it\/2016\/01\/vasi-dalle-strane-forme\/vasistrani7\/#main\" data-orig-file=\"https:\/\/arteascuola.com\/it\/wp-content\/uploads\/2016\/01\/vasistrani7.jpg\" data-orig-size=\"1200,571\" data-comments-opened=\"1\" data-image-meta=\"{&quot;aperture&quot;:&quot;0&quot;,&quot;credit&quot;:&quot;&quot;,&quot;camera&quot;:&quot;&quot;,&quot;caption&quot;:&quot;&quot;,&quot;created_timestamp&quot;:&quot;0&quot;,&quot;copyright&quot;:&quot;&quot;,&quot;focal_length&quot;:&quot;0&quot;,&quot;iso&quot;:&quot;0&quot;,&quot;shutter_speed&quot;:&quot;0&quot;,&quot;title&quot;:&quot;&quot;,&quot;orientation&quot;:&quot;0&quot;}\" data-image-title=\"vasistrani7\" data-image-description=\"\" data-image-caption=\"\" data-large-file=\"https:\/\/arteascuola.com\/it\/wp-content\/uploads\/2016\/01\/vasistrani7-1024x488.jpg\" src=\"https:\/\/arteascuola.com\/wp-content\/uploads\/2021\/09\/paesaggi-grad-acq7.png\" alt=\"\" class=\"wp-image-12741\" width=\"472\" height=\"374\"\/><\/a><\/figure><\/div>\n\n\n\n<div class=\"wp-block-image\"><figure class=\"aligncenter size-full is-resized\"><a href=\"https:\/\/arteascuola.com\/wp-content\/uploads\/2021\/09\/paesaggi-grad-acq6.png\"><img loading=\"lazy\" decoding=\"async\" data-attachment-id=\"12744\" data-permalink=\"https:\/\/arteascuola.com\/it\/2016\/01\/vasi-dalle-strane-forme\/vasistrani4\/#main\" data-orig-file=\"https:\/\/arteascuola.com\/it\/wp-content\/uploads\/2016\/01\/vasistrani4.jpg\" data-orig-size=\"1200,571\" data-comments-opened=\"1\" data-image-meta=\"{&quot;aperture&quot;:&quot;0&quot;,&quot;credit&quot;:&quot;&quot;,&quot;camera&quot;:&quot;&quot;,&quot;caption&quot;:&quot;&quot;,&quot;created_timestamp&quot;:&quot;0&quot;,&quot;copyright&quot;:&quot;&quot;,&quot;focal_length&quot;:&quot;0&quot;,&quot;iso&quot;:&quot;0&quot;,&quot;shutter_speed&quot;:&quot;0&quot;,&quot;title&quot;:&quot;&quot;,&quot;orientation&quot;:&quot;0&quot;}\" data-image-title=\"vasistrani4\" data-image-description=\"\" data-image-caption=\"\" data-large-file=\"https:\/\/arteascuola.com\/it\/wp-content\/uploads\/2016\/01\/vasistrani4-1024x488.jpg\" src=\"https:\/\/arteascuola.com\/wp-content\/uploads\/2021\/09\/paesaggi-grad-acq6.png\" alt=\"\" class=\"wp-image-12744\" width=\"472\" height=\"374\"\/><\/a><\/figure><\/div>\n\n\n\n<div class=\"wp-block-image\"><figure class=\"aligncenter size-full is-resized\"><a href=\"https:\/\/arteascuola.com\/wp-content\/uploads\/2021\/09\/paesaggi-grad-acq4.png\"><img loading=\"lazy\" decoding=\"async\" data-attachment-id=\"12740\" data-permalink=\"https:\/\/arteascuola.com\/it\/2016\/01\/vasi-dalle-strane-forme\/vasistrani10\/#main\" data-orig-file=\"https:\/\/arteascuola.com\/it\/wp-content\/uploads\/2016\/01\/vasistrani10.jpg\" data-orig-size=\"1200,571\" data-comments-opened=\"1\" data-image-meta=\"{&quot;aperture&quot;:&quot;0&quot;,&quot;credit&quot;:&quot;&quot;,&quot;camera&quot;:&quot;&quot;,&quot;caption&quot;:&quot;&quot;,&quot;created_timestamp&quot;:&quot;0&quot;,&quot;copyright&quot;:&quot;&quot;,&quot;focal_length&quot;:&quot;0&quot;,&quot;iso&quot;:&quot;0&quot;,&quot;shutter_speed&quot;:&quot;0&quot;,&quot;title&quot;:&quot;&quot;,&quot;orientation&quot;:&quot;0&quot;}\" data-image-title=\"vasistrani10\" data-image-description=\"\" data-image-caption=\"\" data-large-file=\"https:\/\/arteascuola.com\/it\/wp-content\/uploads\/2016\/01\/vasistrani10-1024x488.jpg\" src=\"https:\/\/arteascuola.com\/wp-content\/uploads\/2021\/09\/paesaggi-grad-acq4.png\" alt=\"\" class=\"wp-image-12740\" width=\"472\" height=\"374\"\/><\/a><\/figure><\/div>\n\n\n\n<div class=\"wp-block-image\"><figure class=\"aligncenter size-full is-resized\"><a href=\"https:\/\/arteascuola.com\/wp-content\/uploads\/2021\/09\/paesaggi-grad-acq10.png\"><img loading=\"lazy\" decoding=\"async\" data-attachment-id=\"12743\" data-permalink=\"https:\/\/arteascuola.com\/it\/2016\/01\/vasi-dalle-strane-forme\/vasistrani3\/#main\" data-orig-file=\"https:\/\/arteascuola.com\/it\/wp-content\/uploads\/2016\/01\/vasistrani3.jpg\" data-orig-size=\"1200,571\" data-comments-opened=\"1\" data-image-meta=\"{&quot;aperture&quot;:&quot;0&quot;,&quot;credit&quot;:&quot;&quot;,&quot;camera&quot;:&quot;&quot;,&quot;caption&quot;:&quot;&quot;,&quot;created_timestamp&quot;:&quot;0&quot;,&quot;copyright&quot;:&quot;&quot;,&quot;focal_length&quot;:&quot;0&quot;,&quot;iso&quot;:&quot;0&quot;,&quot;shutter_speed&quot;:&quot;0&quot;,&quot;title&quot;:&quot;&quot;,&quot;orientation&quot;:&quot;0&quot;}\" data-image-title=\"vasistrani3\" data-image-description=\"\" data-image-caption=\"\" data-large-file=\"https:\/\/arteascuola.com\/it\/wp-content\/uploads\/2016\/01\/vasistrani3-1024x488.jpg\" src=\"https:\/\/arteascuola.com\/wp-content\/uploads\/2021\/09\/paesaggi-grad-acq10.png\" alt=\"\" class=\"wp-image-12743\" width=\"472\" height=\"374\"\/><\/a><\/figure><\/div>\n","protected":false},"excerpt":{"rendered":"<p>Questi piccoli paesaggi sono stati dipinti dagli studenti della classe prima per sperimentare le GRADAZIONI TONALI con l&#8217;acquerello. Qui sotto trovate il video tutorial che &#8230; <a title=\"Piccoli paesaggi in gradazioni tonali con video tutorial\" class=\"read-more\" href=\"https:\/\/arteascuola.com\/it\/2021\/09\/piccoli-paesaggi-in-gradazioni-tonali-con-video-tutorial\/\" aria-label=\"Per saperne di pi\u00f9 su Piccoli paesaggi in gradazioni tonali con video tutorial\">Read more<\/a><\/p>\n","protected":false},"author":2,"featured_media":20100,"comment_status":"open","ping_status":"closed","sticky":false,"template":"","format":"standard","meta":{"_mo_disable_npp":"","_jetpack_newsletter_access":"","_jetpack_dont_email_post_to_subs":false,"_jetpack_newsletter_tier_id":0,"_jetpack_memberships_contains_paywalled_content":false,"_jetpack_memberships_contains_paid_content":false,"footnotes":""},"categories":[4,15,27,24],"tags":[168,92,112,126,272,59,181,42,78,48,163],"class_list":["post-20098","post","type-post","status-publish","format-standard","has-post-thumbnail","hentry","category-arte-tecnologia","category-pittura","category-tempere","category-video","tag-acquerello","tag-colori-caldifreddi","tag-dipingere","tag-gradazioni","tag-gradazioni-tonali","tag-paesaggio","tag-rappresentazione-dello-spazio","tag-seconda-media","tag-secondary-school","tag-teoria-del-colore","tag-video-tutorial","infinite-scroll-item","masonry-post","generate-columns","tablet-grid-50","mobile-grid-100","grid-parent","grid-25","no-featured-image-padding"],"jetpack_featured_media_url":"https:\/\/arteascuola.com\/it\/wp-content\/uploads\/2021\/09\/paesaggi-grad.-acquerello-.jpg","jetpack_shortlink":"https:\/\/wp.me\/p3C7U2-5ea","jetpack_sharing_enabled":true,"post_mailing_queue_ids":[],"_links":{"self":[{"href":"https:\/\/arteascuola.com\/it\/wp-json\/wp\/v2\/posts\/20098","targetHints":{"allow":["GET"]}}],"collection":[{"href":"https:\/\/arteascuola.com\/it\/wp-json\/wp\/v2\/posts"}],"about":[{"href":"https:\/\/arteascuola.com\/it\/wp-json\/wp\/v2\/types\/post"}],"author":[{"embeddable":true,"href":"https:\/\/arteascuola.com\/it\/wp-json\/wp\/v2\/users\/2"}],"replies":[{"embeddable":true,"href":"https:\/\/arteascuola.com\/it\/wp-json\/wp\/v2\/comments?post=20098"}],"version-history":[{"count":3,"href":"https:\/\/arteascuola.com\/it\/wp-json\/wp\/v2\/posts\/20098\/revisions"}],"predecessor-version":[{"id":20218,"href":"https:\/\/arteascuola.com\/it\/wp-json\/wp\/v2\/posts\/20098\/revisions\/20218"}],"wp:featuredmedia":[{"embeddable":true,"href":"https:\/\/arteascuola.com\/it\/wp-json\/wp\/v2\/media\/20100"}],"wp:attachment":[{"href":"https:\/\/arteascuola.com\/it\/wp-json\/wp\/v2\/media?parent=20098"}],"wp:term":[{"taxonomy":"category","embeddable":true,"href":"https:\/\/arteascuola.com\/it\/wp-json\/wp\/v2\/categories?post=20098"},{"taxonomy":"post_tag","embeddable":true,"href":"https:\/\/arteascuola.com\/it\/wp-json\/wp\/v2\/tags?post=20098"}],"curies":[{"name":"wp","href":"https:\/\/api.w.org\/{rel}","templated":true}]}}