{"id":17372,"date":"2019-01-24T18:43:20","date_gmt":"2019-01-24T17:43:20","guid":{"rendered":"http:\/\/arteascuola.com\/it\/?p=17372"},"modified":"2021-05-14T11:17:58","modified_gmt":"2021-05-14T09:17:58","slug":"video-tutorial-cubi-in-gradazione","status":"publish","type":"post","link":"https:\/\/arteascuola.com\/it\/2019\/01\/video-tutorial-cubi-in-gradazione\/","title":{"rendered":"Video Tutorial: cubi in gradazione"},"content":{"rendered":"\n<p>Un altro utilissimo video tutorial realizzato da Chad Brown per arteascuola.com. Dall&#8217;idea dei cubi in gradazione proposta lo scorso dicembre in<a href=\"https:\/\/arteascuola.com\/it\/2018\/12\/cubi-in-gradazione-tonale\/\"> questo post<\/a>, Chad Brown ha realizzato un video chiaro ed efficace con tutti gli step per disegnare e dipingere questo lavoro in modo facile e veloce.<\/p>\n\n\n\n<iframe loading=\"lazy\" width=\"560\" height=\"315\" src=\"https:\/\/www.youtube.com\/embed\/Ms1AcpGnD3M\" frameborder=\"0\" allow=\"accelerometer; autoplay; encrypted-media; gyroscope; picture-in-picture\" allowfullscreen=\"\"><\/iframe>\n\n\n\n<p>Dopo una lezione sulle gradazioni tonali nelle classi di seconda media, abbiamo dipinto questi cubi con le tempere per sperimentare l&#8217;uso delle tonalit\u00e0 chiare e scure di un colore puro. Per disegnare i cubi abbiamo usato un foglio di lavoro con 3 cubi e l&#8217;abbiamo ricalcato pi\u00f9 volte fino a coprire tutta la superficie del foglio. Nell&#8217;impostazione del disegno abbiamo scelto un&#8217;inclinazione casuale dei cubi in modo che ogni dipinto avesse un visuale differente.<\/p>\n\n\n\n<figure class=\"wp-block-image\"><img decoding=\"async\" data-attachment-id=\"11453\" data-permalink=\"https:\/\/arteascuola.com\/it\/2015\/04\/tre-solidi-da-ombreggiare-foglio-di-lavoro\/9-3-solid-2\/#main\" data-orig-file=\"https:\/\/arteascuola.com\/it\/wp-content\/uploads\/2015\/04\/9-3-solid1.jpg\" data-orig-size=\"600,424\" data-comments-opened=\"1\" data-image-meta=\"{&quot;aperture&quot;:&quot;0&quot;,&quot;credit&quot;:&quot;&quot;,&quot;camera&quot;:&quot;&quot;,&quot;caption&quot;:&quot;&quot;,&quot;created_timestamp&quot;:&quot;0&quot;,&quot;copyright&quot;:&quot;&quot;,&quot;focal_length&quot;:&quot;0&quot;,&quot;iso&quot;:&quot;0&quot;,&quot;shutter_speed&quot;:&quot;0&quot;,&quot;title&quot;:&quot;&quot;,&quot;orientation&quot;:&quot;0&quot;}\" data-image-title=\"9 3 solid\" data-image-description=\"\" data-image-caption=\"\" data-large-file=\"https:\/\/arteascuola.com\/it\/wp-content\/uploads\/2015\/04\/9-3-solid1.jpg\" src=\"http:\/\/arteascuola.com\/wp-content\/uploads\/2018\/12\/cubes-tonal-gradations_1-1-1024x678.jpg\" alt=\"\" class=\"wp-image-11453\"\/><\/figure>\n\n\n\n<figure class=\"wp-block-image\"><img decoding=\"async\" src=\"http:\/\/arteascuola.com\/wp-content\/uploads\/2018\/12\/cubes-tonal-gradations_4-1-1024x737.jpg\" alt=\"\" class=\"wp-image-11454\"\/><\/figure>\n\n\n\n<p>Qui sotto \u00e8 possibile acquistare il foglio di lavoro<\/p>\n\n\n\n<figure class=\"wp-block-image is-resized\"><img loading=\"lazy\" decoding=\"async\" src=\"http:\/\/arteascuola.com\/wp-content\/uploads\/2018\/12\/arteascuola.com1_.jpg\" alt=\"\" class=\"wp-image-11455\" width=\"330\" height=\"305\"\/><\/figure>\n\n\n\n<p><a href=\"https:\/\/sellfy.com\/p\/ezFy\/\">Buy now<\/a><\/p>\n\n\n\n<p>Per prima cosa abbiamo scelto una fila di cubi adiacenti e abbiamo dipinto la faccia superiore con un colore puro a tinta unita. Poi abbiamo dipinto la faccia sinistra con una tonalit\u00e0 pi\u00f9 chiara, mettendo una piccola quantit\u00e0 di colore puro nel colore bianco. Dopodich\u00e9 abbiamo dipinto la faccia destra dei cubi con un colore pi\u00f9 scuro, ottenuto con l&#8217;aggiunta di una piccola quantit\u00e0 di nero nel colore puro.<\/p>\n\n\n\n<p>Abbiamo scelto un colore diverso per ogni fila di cubi, mantenendo sempre la sequenza dei colori chiari a sinistra e dei colori scuri a destra, per creare l&#8217;effetto tridimensionale.<\/p>\n\n\n\n<figure class=\"wp-block-image\"><img decoding=\"async\" src=\"http:\/\/arteascuola.com\/wp-content\/uploads\/2018\/12\/cubes-tonal-gradations_5-1024x678.jpg\" alt=\"\" class=\"wp-image-11457\"\/><\/figure>\n\n\n\n<figure class=\"wp-block-image\"><img decoding=\"async\" src=\"http:\/\/arteascuola.com\/wp-content\/uploads\/2018\/12\/cubes-tonal-gradations_8-1024x652.jpg\" alt=\"\" class=\"wp-image-11458\"\/><\/figure>\n\n\n\n<figure class=\"wp-block-image\"><img decoding=\"async\" data-attachment-id=\"11470\" data-permalink=\"https:\/\/arteascuola.com\/it\/2015\/04\/sole-e-luna-a-colori-caldi-e-freddi\/_dsc0068-2\/#main\" data-orig-file=\"https:\/\/arteascuola.com\/it\/wp-content\/uploads\/2015\/04\/DSC0068.jpg\" data-orig-size=\"1200,795\" data-comments-opened=\"1\" data-image-meta=\"{&quot;aperture&quot;:&quot;4.5&quot;,&quot;credit&quot;:&quot;&quot;,&quot;camera&quot;:&quot;NIKON D7000&quot;,&quot;caption&quot;:&quot;&quot;,&quot;created_timestamp&quot;:&quot;1427110522&quot;,&quot;copyright&quot;:&quot;&quot;,&quot;focal_length&quot;:&quot;32&quot;,&quot;iso&quot;:&quot;1000&quot;,&quot;shutter_speed&quot;:&quot;0.0125&quot;,&quot;title&quot;:&quot;&quot;,&quot;orientation&quot;:&quot;1&quot;}\" data-image-title=\"_DSC0068\" data-image-description=\"\" data-image-caption=\"\" data-large-file=\"https:\/\/arteascuola.com\/it\/wp-content\/uploads\/2015\/04\/DSC0068-1024x678.jpg\" src=\"http:\/\/arteascuola.com\/wp-content\/uploads\/2018\/12\/value-cubes_13-1024x668.jpg\" alt=\"\" class=\"wp-image-11470\"\/><\/figure>\n\n\n\n<p>I dipinti, messi tutti assieme su una grande parete, creano l&#8217;effetto tridimensionale di un muro mosso e colorato.<\/p>\n\n\n\n<figure class=\"wp-block-image\"><img decoding=\"async\" data-attachment-id=\"11473\" data-permalink=\"https:\/\/arteascuola.com\/it\/2015\/04\/sole-e-luna-a-colori-caldi-e-freddi\/_dsc0243-2\/#main\" data-orig-file=\"https:\/\/arteascuola.com\/it\/wp-content\/uploads\/2015\/04\/DSC02431.jpg\" data-orig-size=\"1200,795\" data-comments-opened=\"1\" data-image-meta=\"{&quot;aperture&quot;:&quot;5.6&quot;,&quot;credit&quot;:&quot;&quot;,&quot;camera&quot;:&quot;NIKON D7000&quot;,&quot;caption&quot;:&quot;&quot;,&quot;created_timestamp&quot;:&quot;1426508531&quot;,&quot;copyright&quot;:&quot;&quot;,&quot;focal_length&quot;:&quot;26&quot;,&quot;iso&quot;:&quot;400&quot;,&quot;shutter_speed&quot;:&quot;0.008&quot;,&quot;title&quot;:&quot;&quot;,&quot;orientation&quot;:&quot;1&quot;}\" data-image-title=\"_DSC0243\" data-image-description=\"\" data-image-caption=\"\" data-large-file=\"https:\/\/arteascuola.com\/it\/wp-content\/uploads\/2015\/04\/DSC02431-1024x678.jpg\" src=\"http:\/\/arteascuola.com\/wp-content\/uploads\/2018\/12\/cube4-1024x724.jpg\" alt=\"\" class=\"wp-image-11473\"\/><\/figure>\n\n\n\n<figure class=\"wp-block-image\"><img loading=\"lazy\" decoding=\"async\" width=\"1024\" height=\"724\" data-attachment-id=\"17165\" data-permalink=\"https:\/\/arteascuola.com\/it\/2018\/12\/cubi-in-gradazione-tonale\/cube16\/#main\" data-orig-file=\"https:\/\/arteascuola.com\/it\/wp-content\/uploads\/2018\/12\/cube16.jpg\" data-orig-size=\"1169,826\" data-comments-opened=\"1\" data-image-meta=\"{&quot;aperture&quot;:&quot;0&quot;,&quot;credit&quot;:&quot;&quot;,&quot;camera&quot;:&quot;&quot;,&quot;caption&quot;:&quot;&quot;,&quot;created_timestamp&quot;:&quot;0&quot;,&quot;copyright&quot;:&quot;&quot;,&quot;focal_length&quot;:&quot;0&quot;,&quot;iso&quot;:&quot;0&quot;,&quot;shutter_speed&quot;:&quot;0&quot;,&quot;title&quot;:&quot;&quot;,&quot;orientation&quot;:&quot;0&quot;}\" data-image-title=\"cube16\" data-image-description=\"\" data-image-caption=\"\" data-large-file=\"https:\/\/arteascuola.com\/it\/wp-content\/uploads\/2018\/12\/cube16-1024x724.jpg\" src=\"https:\/\/arteascuola.com\/it\/wp-content\/uploads\/2018\/12\/cube16-1024x724.jpg\" alt=\"\" class=\"wp-image-17165\" srcset=\"https:\/\/arteascuola.com\/it\/wp-content\/uploads\/2018\/12\/cube16-1024x724.jpg 1024w, https:\/\/arteascuola.com\/it\/wp-content\/uploads\/2018\/12\/cube16-300x212.jpg 300w, https:\/\/arteascuola.com\/it\/wp-content\/uploads\/2018\/12\/cube16-768x543.jpg 768w, https:\/\/arteascuola.com\/it\/wp-content\/uploads\/2018\/12\/cube16.jpg 1169w\" sizes=\"auto, (max-width: 1024px) 100vw, 1024px\" \/><\/figure>\n","protected":false},"excerpt":{"rendered":"<p>Un altro utilissimo video tutorial realizzato da Chad Brown per arteascuola.com. Dall&#8217;idea dei cubi in gradazione proposta lo scorso dicembre in questo post, Chad Brown &#8230; <a title=\"Video Tutorial: cubi in gradazione\" class=\"read-more\" href=\"https:\/\/arteascuola.com\/it\/2019\/01\/video-tutorial-cubi-in-gradazione\/\" aria-label=\"Per saperne di pi\u00f9 su Video Tutorial: cubi in gradazione\">Read more<\/a><\/p>\n","protected":false},"author":2,"featured_media":17374,"comment_status":"open","ping_status":"open","sticky":false,"template":"","format":"standard","meta":{"_mo_disable_npp":"","_jetpack_newsletter_access":"","_jetpack_dont_email_post_to_subs":false,"_jetpack_newsletter_tier_id":0,"_jetpack_memberships_contains_paywalled_content":false,"_jetpack_memberships_contains_paid_content":false,"footnotes":""},"categories":[4,24],"tags":[112,202,126,41,42,163],"class_list":["post-17372","post","type-post","status-publish","format-standard","has-post-thumbnail","hentry","category-arte-tecnologia","category-video","tag-dipingere","tag-forme-geometriche","tag-gradazioni","tag-prima-media","tag-seconda-media","tag-video-tutorial","infinite-scroll-item","masonry-post","generate-columns","tablet-grid-50","mobile-grid-100","grid-parent","grid-25","no-featured-image-padding"],"jetpack_featured_media_url":"https:\/\/arteascuola.com\/it\/wp-content\/uploads\/2019\/01\/video-value-cubes-copia.jpg","jetpack_shortlink":"https:\/\/wp.me\/p3C7U2-4wc","jetpack_sharing_enabled":true,"post_mailing_queue_ids":[],"_links":{"self":[{"href":"https:\/\/arteascuola.com\/it\/wp-json\/wp\/v2\/posts\/17372","targetHints":{"allow":["GET"]}}],"collection":[{"href":"https:\/\/arteascuola.com\/it\/wp-json\/wp\/v2\/posts"}],"about":[{"href":"https:\/\/arteascuola.com\/it\/wp-json\/wp\/v2\/types\/post"}],"author":[{"embeddable":true,"href":"https:\/\/arteascuola.com\/it\/wp-json\/wp\/v2\/users\/2"}],"replies":[{"embeddable":true,"href":"https:\/\/arteascuola.com\/it\/wp-json\/wp\/v2\/comments?post=17372"}],"version-history":[{"count":3,"href":"https:\/\/arteascuola.com\/it\/wp-json\/wp\/v2\/posts\/17372\/revisions"}],"predecessor-version":[{"id":17377,"href":"https:\/\/arteascuola.com\/it\/wp-json\/wp\/v2\/posts\/17372\/revisions\/17377"}],"wp:featuredmedia":[{"embeddable":true,"href":"https:\/\/arteascuola.com\/it\/wp-json\/wp\/v2\/media\/17374"}],"wp:attachment":[{"href":"https:\/\/arteascuola.com\/it\/wp-json\/wp\/v2\/media?parent=17372"}],"wp:term":[{"taxonomy":"category","embeddable":true,"href":"https:\/\/arteascuola.com\/it\/wp-json\/wp\/v2\/categories?post=17372"},{"taxonomy":"post_tag","embeddable":true,"href":"https:\/\/arteascuola.com\/it\/wp-json\/wp\/v2\/tags?post=17372"}],"curies":[{"name":"wp","href":"https:\/\/api.w.org\/{rel}","templated":true}]}}